{"id":79,"date":"2017-11-15T20:46:22","date_gmt":"2017-11-15T19:46:22","guid":{"rendered":"http:\/\/www.acpje.eu\/blog\/?p=79"},"modified":"2017-11-15T20:46:22","modified_gmt":"2017-11-15T19:46:22","slug":"dates-des-epreuves-ecrites-du-concours-de-lens","status":"publish","type":"post","link":"http:\/\/www.acpje.eu\/blog\/dates-des-epreuves-ecrites-du-concours-de-lens\/","title":{"rendered":"Dates des \u00e9preuves \u00e9crites du concours de l&rsquo;ENS"},"content":{"rendered":"<p>Les \u00e9preuves\u00a0 \u00e9crites du concours de l&rsquo;ENS Paris Saclay, section D2 se d\u00e9rouleront du <strong>23 au 26 Avril 2018<\/strong>.<\/p>\n<p>Les \u00e9preuves \u00e9crites du concours de l&rsquo;ENS de Rennes, section D1, devraient se d\u00e9rouler sur la m\u00eame p\u00e9riode.<\/p>\n<p>Le service concours a transmis cette information \u00e0 l&rsquo;association, alors que les sites des deux \u00e9coles ne sont pas encore actualis\u00e9s.<\/p>\n","protected":false},"excerpt":{"rendered":"<p>Les \u00e9preuves\u00a0 \u00e9crites du concours de l&rsquo;ENS Paris Saclay, section D2 se d\u00e9rouleront du 23 au 26 Avril 2018. Les \u00e9preuves \u00e9crites du concours de l&rsquo;ENS de Rennes, section D1, [&hellip;]<\/p>\n","protected":false},"author":1,"featured_media":0,"comment_status":"open","ping_status":"open","sticky":false,"template":"","format":"standard","meta":{"footnotes":""},"categories":[5,7,3],"tags":[],"class_list":["post-79","post","type-post","status-publish","format-standard","hentry","category-concours","category-concoursd2","category-d2"],"yoast_head":"<!-- This site is optimized with the Yoast SEO plugin v27.4 - https:\/\/yoast.com\/product\/yoast-seo-wordpress\/ -->\n<title>Dates des \u00e9preuves \u00e9crites du concours de l&#039;ENS - ACPJE<\/title>\n<meta name=\"robots\" content=\"index, follow, max-snippet:-1, max-image-preview:large, max-video-preview:-1\" \/>\n<link rel=\"canonical\" href=\"http:\/\/www.acpje.eu\/blog\/dates-des-epreuves-ecrites-du-concours-de-lens\/\" \/>\n<meta property=\"og:locale\" content=\"fr_FR\" \/>\n<meta property=\"og:type\" content=\"article\" \/>\n<meta property=\"og:title\" content=\"Dates des \u00e9preuves \u00e9crites du concours de l&#039;ENS - ACPJE\" \/>\n<meta property=\"og:description\" content=\"Les \u00e9preuves\u00a0 \u00e9crites du concours de l&rsquo;ENS Paris Saclay, section D2 se d\u00e9rouleront du 23 au 26 Avril 2018. Les \u00e9preuves \u00e9crites du concours de l&rsquo;ENS de Rennes, section D1, [&hellip;]\" \/>\n<meta property=\"og:url\" content=\"http:\/\/www.acpje.eu\/blog\/dates-des-epreuves-ecrites-du-concours-de-lens\/\" \/>\n<meta property=\"og:site_name\" content=\"ACPJE\" \/>\n<meta property=\"article:published_time\" content=\"2017-11-15T19:46:22+00:00\" \/>\n<meta name=\"author\" content=\"AdmACPJE\" \/>\n<meta name=\"twitter:card\" content=\"summary_large_image\" \/>\n<meta name=\"twitter:label1\" content=\"\u00c9crit par\" \/>\n\t<meta name=\"twitter:data1\" content=\"AdmACPJE\" \/>\n<script type=\"application\/ld+json\" class=\"yoast-schema-graph\">{\"@context\":\"https:\\\/\\\/schema.org\",\"@graph\":[{\"@type\":\"Article\",\"@id\":\"http:\\\/\\\/www.acpje.eu\\\/blog\\\/dates-des-epreuves-ecrites-du-concours-de-lens\\\/#article\",\"isPartOf\":{\"@id\":\"http:\\\/\\\/www.acpje.eu\\\/blog\\\/dates-des-epreuves-ecrites-du-concours-de-lens\\\/\"},\"author\":{\"name\":\"AdmACPJE\",\"@id\":\"http:\\\/\\\/www.acpje.eu\\\/blog\\\/#\\\/schema\\\/person\\\/d44069676c2a3b3b75b3bd5fc3bcec89\"},\"headline\":\"Dates des \u00e9preuves \u00e9crites du concours de l&rsquo;ENS\",\"datePublished\":\"2017-11-15T19:46:22+00:00\",\"mainEntityOfPage\":{\"@id\":\"http:\\\/\\\/www.acpje.eu\\\/blog\\\/dates-des-epreuves-ecrites-du-concours-de-lens\\\/\"},\"wordCount\":71,\"commentCount\":0,\"articleSection\":[\"Concours\",\"Concours D2\",\"Economie Gestion D2\"],\"inLanguage\":\"fr-FR\",\"potentialAction\":[{\"@type\":\"CommentAction\",\"name\":\"Comment\",\"target\":[\"http:\\\/\\\/www.acpje.eu\\\/blog\\\/dates-des-epreuves-ecrites-du-concours-de-lens\\\/#respond\"]}]},{\"@type\":\"WebPage\",\"@id\":\"http:\\\/\\\/www.acpje.eu\\\/blog\\\/dates-des-epreuves-ecrites-du-concours-de-lens\\\/\",\"url\":\"http:\\\/\\\/www.acpje.eu\\\/blog\\\/dates-des-epreuves-ecrites-du-concours-de-lens\\\/\",\"name\":\"Dates des \u00e9preuves \u00e9crites du concours de l'ENS - ACPJE\",\"isPartOf\":{\"@id\":\"http:\\\/\\\/www.acpje.eu\\\/blog\\\/#website\"},\"datePublished\":\"2017-11-15T19:46:22+00:00\",\"author\":{\"@id\":\"http:\\\/\\\/www.acpje.eu\\\/blog\\\/#\\\/schema\\\/person\\\/d44069676c2a3b3b75b3bd5fc3bcec89\"},\"breadcrumb\":{\"@id\":\"http:\\\/\\\/www.acpje.eu\\\/blog\\\/dates-des-epreuves-ecrites-du-concours-de-lens\\\/#breadcrumb\"},\"inLanguage\":\"fr-FR\",\"potentialAction\":[{\"@type\":\"ReadAction\",\"target\":[\"http:\\\/\\\/www.acpje.eu\\\/blog\\\/dates-des-epreuves-ecrites-du-concours-de-lens\\\/\"]}]},{\"@type\":\"BreadcrumbList\",\"@id\":\"http:\\\/\\\/www.acpje.eu\\\/blog\\\/dates-des-epreuves-ecrites-du-concours-de-lens\\\/#breadcrumb\",\"itemListElement\":[{\"@type\":\"ListItem\",\"position\":1,\"name\":\"Accueil\",\"item\":\"http:\\\/\\\/www.acpje.eu\\\/blog\\\/\"},{\"@type\":\"ListItem\",\"position\":2,\"name\":\"Dates des \u00e9preuves \u00e9crites du concours de l&rsquo;ENS\"}]},{\"@type\":\"WebSite\",\"@id\":\"http:\\\/\\\/www.acpje.eu\\\/blog\\\/#website\",\"url\":\"http:\\\/\\\/www.acpje.eu\\\/blog\\\/\",\"name\":\"ACPJE\",\"description\":\"Association des professeurs en Classes Pr\u00e9paratoires ENS Juridiques et Economiques \",\"potentialAction\":[{\"@type\":\"SearchAction\",\"target\":{\"@type\":\"EntryPoint\",\"urlTemplate\":\"http:\\\/\\\/www.acpje.eu\\\/blog\\\/?s={search_term_string}\"},\"query-input\":{\"@type\":\"PropertyValueSpecification\",\"valueRequired\":true,\"valueName\":\"search_term_string\"}}],\"inLanguage\":\"fr-FR\"},{\"@type\":\"Person\",\"@id\":\"http:\\\/\\\/www.acpje.eu\\\/blog\\\/#\\\/schema\\\/person\\\/d44069676c2a3b3b75b3bd5fc3bcec89\",\"name\":\"AdmACPJE\",\"image\":{\"@type\":\"ImageObject\",\"inLanguage\":\"fr-FR\",\"@id\":\"https:\\\/\\\/secure.gravatar.com\\\/avatar\\\/a4dc55f89819138634648d474a63888821a4d6193e8d5b432c6241e0145ea6f4?s=96&d=mm&r=g\",\"url\":\"https:\\\/\\\/secure.gravatar.com\\\/avatar\\\/a4dc55f89819138634648d474a63888821a4d6193e8d5b432c6241e0145ea6f4?s=96&d=mm&r=g\",\"contentUrl\":\"https:\\\/\\\/secure.gravatar.com\\\/avatar\\\/a4dc55f89819138634648d474a63888821a4d6193e8d5b432c6241e0145ea6f4?s=96&d=mm&r=g\",\"caption\":\"AdmACPJE\"}}]}<\/script>\n<!-- \/ Yoast SEO plugin. -->","yoast_head_json":{"title":"Dates des \u00e9preuves \u00e9crites du concours de l'ENS - ACPJE","robots":{"index":"index","follow":"follow","max-snippet":"max-snippet:-1","max-image-preview":"max-image-preview:large","max-video-preview":"max-video-preview:-1"},"canonical":"http:\/\/www.acpje.eu\/blog\/dates-des-epreuves-ecrites-du-concours-de-lens\/","og_locale":"fr_FR","og_type":"article","og_title":"Dates des \u00e9preuves \u00e9crites du concours de l'ENS - ACPJE","og_description":"Les \u00e9preuves\u00a0 \u00e9crites du concours de l&rsquo;ENS Paris Saclay, section D2 se d\u00e9rouleront du 23 au 26 Avril 2018. Les \u00e9preuves \u00e9crites du concours de l&rsquo;ENS de Rennes, section D1, [&hellip;]","og_url":"http:\/\/www.acpje.eu\/blog\/dates-des-epreuves-ecrites-du-concours-de-lens\/","og_site_name":"ACPJE","article_published_time":"2017-11-15T19:46:22+00:00","author":"AdmACPJE","twitter_card":"summary_large_image","twitter_misc":{"\u00c9crit par":"AdmACPJE"},"schema":{"@context":"https:\/\/schema.org","@graph":[{"@type":"Article","@id":"http:\/\/www.acpje.eu\/blog\/dates-des-epreuves-ecrites-du-concours-de-lens\/#article","isPartOf":{"@id":"http:\/\/www.acpje.eu\/blog\/dates-des-epreuves-ecrites-du-concours-de-lens\/"},"author":{"name":"AdmACPJE","@id":"http:\/\/www.acpje.eu\/blog\/#\/schema\/person\/d44069676c2a3b3b75b3bd5fc3bcec89"},"headline":"Dates des \u00e9preuves \u00e9crites du concours de l&rsquo;ENS","datePublished":"2017-11-15T19:46:22+00:00","mainEntityOfPage":{"@id":"http:\/\/www.acpje.eu\/blog\/dates-des-epreuves-ecrites-du-concours-de-lens\/"},"wordCount":71,"commentCount":0,"articleSection":["Concours","Concours D2","Economie Gestion D2"],"inLanguage":"fr-FR","potentialAction":[{"@type":"CommentAction","name":"Comment","target":["http:\/\/www.acpje.eu\/blog\/dates-des-epreuves-ecrites-du-concours-de-lens\/#respond"]}]},{"@type":"WebPage","@id":"http:\/\/www.acpje.eu\/blog\/dates-des-epreuves-ecrites-du-concours-de-lens\/","url":"http:\/\/www.acpje.eu\/blog\/dates-des-epreuves-ecrites-du-concours-de-lens\/","name":"Dates des \u00e9preuves \u00e9crites du concours de l'ENS - ACPJE","isPartOf":{"@id":"http:\/\/www.acpje.eu\/blog\/#website"},"datePublished":"2017-11-15T19:46:22+00:00","author":{"@id":"http:\/\/www.acpje.eu\/blog\/#\/schema\/person\/d44069676c2a3b3b75b3bd5fc3bcec89"},"breadcrumb":{"@id":"http:\/\/www.acpje.eu\/blog\/dates-des-epreuves-ecrites-du-concours-de-lens\/#breadcrumb"},"inLanguage":"fr-FR","potentialAction":[{"@type":"ReadAction","target":["http:\/\/www.acpje.eu\/blog\/dates-des-epreuves-ecrites-du-concours-de-lens\/"]}]},{"@type":"BreadcrumbList","@id":"http:\/\/www.acpje.eu\/blog\/dates-des-epreuves-ecrites-du-concours-de-lens\/#breadcrumb","itemListElement":[{"@type":"ListItem","position":1,"name":"Accueil","item":"http:\/\/www.acpje.eu\/blog\/"},{"@type":"ListItem","position":2,"name":"Dates des \u00e9preuves \u00e9crites du concours de l&rsquo;ENS"}]},{"@type":"WebSite","@id":"http:\/\/www.acpje.eu\/blog\/#website","url":"http:\/\/www.acpje.eu\/blog\/","name":"ACPJE","description":"Association des professeurs en Classes Pr\u00e9paratoires ENS Juridiques et Economiques ","potentialAction":[{"@type":"SearchAction","target":{"@type":"EntryPoint","urlTemplate":"http:\/\/www.acpje.eu\/blog\/?s={search_term_string}"},"query-input":{"@type":"PropertyValueSpecification","valueRequired":true,"valueName":"search_term_string"}}],"inLanguage":"fr-FR"},{"@type":"Person","@id":"http:\/\/www.acpje.eu\/blog\/#\/schema\/person\/d44069676c2a3b3b75b3bd5fc3bcec89","name":"AdmACPJE","image":{"@type":"ImageObject","inLanguage":"fr-FR","@id":"https:\/\/secure.gravatar.com\/avatar\/a4dc55f89819138634648d474a63888821a4d6193e8d5b432c6241e0145ea6f4?s=96&d=mm&r=g","url":"https:\/\/secure.gravatar.com\/avatar\/a4dc55f89819138634648d474a63888821a4d6193e8d5b432c6241e0145ea6f4?s=96&d=mm&r=g","contentUrl":"https:\/\/secure.gravatar.com\/avatar\/a4dc55f89819138634648d474a63888821a4d6193e8d5b432c6241e0145ea6f4?s=96&d=mm&r=g","caption":"AdmACPJE"}}]}},"_links":{"self":[{"href":"http:\/\/www.acpje.eu\/blog\/wp-json\/wp\/v2\/posts\/79","targetHints":{"allow":["GET"]}}],"collection":[{"href":"http:\/\/www.acpje.eu\/blog\/wp-json\/wp\/v2\/posts"}],"about":[{"href":"http:\/\/www.acpje.eu\/blog\/wp-json\/wp\/v2\/types\/post"}],"author":[{"embeddable":true,"href":"http:\/\/www.acpje.eu\/blog\/wp-json\/wp\/v2\/users\/1"}],"replies":[{"embeddable":true,"href":"http:\/\/www.acpje.eu\/blog\/wp-json\/wp\/v2\/comments?post=79"}],"version-history":[{"count":2,"href":"http:\/\/www.acpje.eu\/blog\/wp-json\/wp\/v2\/posts\/79\/revisions"}],"predecessor-version":[{"id":81,"href":"http:\/\/www.acpje.eu\/blog\/wp-json\/wp\/v2\/posts\/79\/revisions\/81"}],"wp:attachment":[{"href":"http:\/\/www.acpje.eu\/blog\/wp-json\/wp\/v2\/media?parent=79"}],"wp:term":[{"taxonomy":"category","embeddable":true,"href":"http:\/\/www.acpje.eu\/blog\/wp-json\/wp\/v2\/categories?post=79"},{"taxonomy":"post_tag","embeddable":true,"href":"http:\/\/www.acpje.eu\/blog\/wp-json\/wp\/v2\/tags?post=79"}],"curies":[{"name":"wp","href":"https:\/\/api.w.org\/{rel}","templated":true}]}}